{"id":7798,"date":"2023-09-27T18:10:38","date_gmt":"2023-09-27T16:10:38","guid":{"rendered":"https:\/\/vivaviajesitalia.com\/site\/?p=7798"},"modified":"2023-10-13T18:30:36","modified_gmt":"2023-10-13T16:30:36","slug":"las-catedrales-goticas-mas-espectaculares-de-europa","status":"publish","type":"post","link":"https:\/\/vivaviajesitalia.com\/site\/2023\/09\/las-catedrales-goticas-mas-espectaculares-de-europa\/","title":{"rendered":"Las catedrales g\u00f3ticas m\u00e1s espectaculares de Europa"},"content":{"rendered":"<p>[vc_row row_height_type=&#8221;fixed_height_screen&#8221; height=&#8221;90&#8243; min_height=&#8221;600&#8243; content_placement=&#8221;middle&#8221; custom_bg_type=&#8221;image&#8221; custom_bg_cover=&#8221;cover&#8221; custom_bg_repeat=&#8221;no-repeat&#8221; custom_bg_position=&#8221;Center center&#8221; nav_skin=&#8221;light&#8221; row_show_on=&#8221;wtbx_hide_tablet_landscape,wtbx_hide_tablet_portrait,wtbx_hide_mobile_landscape,wtbx_hide_mobile_portrait&#8221; disable_fixed_height=&#8221;mobile_landscape&#8221; consent_include=&#8221;include&#8221; equal_height=&#8221;true&#8221; el_design=&#8221;{&#8220;desktop&#8220;:{&#8220;padding-top&#8220;:&#8220;60&#8220;,&#8220;padding-bottom&#8220;:&#8220;150&#8220;}}&#8221; custom_bg_color=&#8221;{&#8220;solid&#8220;:{&#8220;id&#8220;:&#8220;Light background&#8220;,&#8220;color&#8220;:&#8220;#f7f8fd&#8220;}}&#8221; custom_bg_image=&#8221;7805&#8243; overlay_color=&#8221;{&#8220;dir&#8220;:&#8220;135deg&#8220;,&#8220;from&#8220;:{&#8220;id&#8220;:&#8220;custom_color&#8220;,&#8220;color&#8220;:&#8220;rgba(21,20,36,0.8)&#8220;},&#8220;to&#8220;:{&#8220;id&#8220;:&#8220;custom_color&#8220;,&#8220;color&#8220;:&#8220;rgba(21,20,36,0)&#8220;}}&#8221;][vc_column el_design=&#8221;{&#8220;desktop&#8220;:{&#8220;padding-top&#8220;:&#8220;15&#8220;,&#8220;padding-right&#8220;:&#8220;15&#8220;,&#8220;padding-bottom&#8220;:&#8220;15&#8220;,&#8220;padding-left&#8220;:&#8220;15&#8220;}}&#8221; textalign_small=&#8221;mobile_landscape&#8221; css_animation=&#8221;&#8221; offset=&#8221;vc_col-md-6&#8243;][vc_heading heading_text=&#8221;Estas son las catedrales g\u00f3ticas m\u00e1s espectaculares de Europa&#8221; heading_wrapper=&#8221;h1&#8243; heading_color=&#8221;{&#8220;solid&#8220;:{&#8220;id&#8220;:&#8220;custom_1334459184315555&#8220;,&#8220;color&#8220;:&#8220;rgba(255,255,255,1)&#8220;}}&#8221; heading_typography=&#8221;{&#8220;variants&#8220;:&#8220;500&#8220;,&#8220;font_size&#8220;:&#8220;40px&#8220;}&#8221; responsiveness=&#8221;yes&#8221; tablet_portrait=&#8221;100&#8243; mobile_landscape=&#8221;80&#8243; mobile_portrait=&#8221;70&#8243; css_animation=&#8221;wtbx-anim-fade-in&#8221; css_animation_easing=&#8221;wtbx_easing-natural&#8221; css_animation_duration=&#8221;wtbx-duration-1000&#8243; css_animation_delay=&#8221;&#8221;][vc_empty_space height=&#8221;60px&#8221;][\/vc_column][\/vc_row][vc_row row_width=&#8221;wtbx_stretch_row_content&#8221; nav_skin=&#8221;light&#8221; consent_include=&#8221;include&#8221;][vc_column el_design=&#8221;{&#8220;desktop&#8220;:{&#8220;padding-top&#8220;:&#8220;0&#8220;,&#8220;padding-right&#8220;:&#8220;0&#8220;,&#8220;padding-bottom&#8220;:&#8220;0&#8220;,&#8220;padding-left&#8220;:&#8220;0&#8220;}}&#8221; css_animation=&#8221;&#8221;][vc_section_divider style=&#8221;curve-left&#8221; height=&#8221;100&#8243; responsiveness=&#8221;yes&#8221; tablet_landscape=&#8221;100&#8243; tablet_portrait=&#8221;80&#8243; mobile_landscape=&#8221;40&#8243; mobile_portrait=&#8221;0&#8243; color=&#8221;{&#8220;id&#8220;:&#8220;custom_1334459184315555&#8220;,&#8220;color&#8220;:&#8220;rgba(255,255,255,1)&#8220;}&#8221;][\/vc_column][\/vc_row][vc_row nav_skin=&#8221;light&#8221; consent_include=&#8221;include&#8221; el_design=&#8221;{&#8220;tablet_portrait&#8220;:{&#8220;shift-vertical&#8220;:-100},&#8220;desktop&#8220;:{&#8220;shift-vertical&#8220;:-150}}&#8221;][vc_column el_design=&#8221;{&#8220;desktop&#8220;:{&#8220;padding-top&#8220;:&#8220;0&#8220;,&#8220;padding-right&#8220;:&#8220;15&#8220;,&#8220;padding-bottom&#8220;:&#8220;0&#8220;,&#8220;padding-left&#8220;:&#8220;15&#8220;}}&#8221; css_animation=&#8221;&#8221;][vc_empty_space height=&#8221;95px&#8221;][vc_row_inner consent_include=&#8221;include&#8221;][vc_column_inner css_animation=&#8221;&#8221;][vc_text_element css_animation=&#8221;&#8221;]<\/p>\n<p style=\"text-align: justify;\"><strong>Catedral de Sevilla (Espa\u00f1a)<\/strong><br \/>\nLa Catedral de Sevilla, concebida a gran escala por los Can\u00f3nigos de Sevilla en 1401, sigue siendo la catedral g\u00f3tica m\u00e1s grande y la tercera iglesia m\u00e1s grande del mundo. No decepciona, y no solo por su enorme tama\u00f1o, la nave principal se eleva a 42 impresionantes metros. Entre las obras de arte de su interior, destaca el magn\u00edfico Altar Mayor, y aunque la arquitectura es predominantemente g\u00f3tica, hay algunos aspectos arquitect\u00f3nicos isl\u00e1micos ya que se construy\u00f3 sobre la principal mezquita almohade y sobreviven ciertas caracter\u00edsticas, la m\u00e1s destacada es la torre de la Giralda, o el Patio de los Naranjos que fue parte de la mezquita.<\/p>\n<p>[\/vc_text_element][vc_image_element image=&#8221;7802&#8243; alignment=&#8221;center&#8221; radius=&#8221;10px&#8221; preloader=&#8221;&#8221; css_animation=&#8221;wtbx-anim-fade-in&#8221; css_animation_easing=&#8221;wtbx_easing-natural&#8221; css_animation_duration=&#8221;wtbx-duration-1000&#8243; css_animation_delay=&#8221;&#8221;][\/vc_column_inner][\/vc_row_inner][vc_row_inner consent_include=&#8221;include&#8221;][vc_column_inner css_animation=&#8221;&#8221;][vc_text_element css_animation=&#8221;&#8221;]<\/p>\n<div><b>El Duomo de Mil\u00e1n (Italia)<\/b><\/div>\n<div style=\"text-align: justify;\">Mil\u00e1n es una ciudad vibrante y bulliciosa, y su hist\u00f3rica catedral se considera el coraz\u00f3n de la ciudad. Est\u00e1 dedicada a Santa Mar\u00eda, y la figura dorada de la Virgen, colocada en la aguja m\u00e1s alta, es un emblema ic\u00f3nico de la urbe. Es la iglesia m\u00e1s grande de Italia despu\u00e9s de San Pedro en el Vaticano y puede albergar hasta 40.000 personas. Est\u00e1 profusamente ornamentado con esculturas g\u00f3ticas, figuras y g\u00e1rgolas. Entre ellas se encuentra la \u0093Nueva Ley\u0094 (1810), que pudo inspirar a Auguste Bartholdi para su Estatua de la Libertad que se encuentra en Nueva York. La construcci\u00f3n de la Catedral de Mil\u00e1n tom\u00f3 m\u00e1s de 600 a\u00f1os y a\u00fan no est\u00e1 terminada. Su fachada fue inaugurada en 1418 pero permaneci\u00f3 incompleta durante siglos hasta que intervino Napole\u00f3n. Todav\u00eda ahora se realizan reparaciones y limpiezas para preservar su m\u00e1rmol blanco y rosa.<\/div>\n<p>[\/vc_text_element][vc_image_element image=&#8221;7803&#8243; alignment=&#8221;center&#8221; radius=&#8221;10px&#8221; preloader=&#8221;&#8221; css_animation=&#8221;wtbx-anim-fade-in&#8221; css_animation_easing=&#8221;wtbx_easing-natural&#8221; css_animation_duration=&#8221;wtbx-duration-1000&#8243; css_animation_delay=&#8221;&#8221;][\/vc_column_inner][\/vc_row_inner][vc_text_element css_animation=&#8221;&#8221;]<\/p>\n<div><b>Catedral de Colonia (Alemania)<\/b><\/div>\n<div style=\"text-align: justify;\">Alemania no solo es conocida por sus castillos y fortificaciones medievales, las iglesias g\u00f3ticas tambi\u00e9n fueron destacadas a lo largo de la Edad Media. La catedral de Colonia, por ejemplo, es la iglesia g\u00f3tica m\u00e1s grande del norte de Europa. Sus dos torres con enormes capiteles tienen m\u00e1s de 150 metros de altura, lo que la convirti\u00f3 en la estructura m\u00e1s alta del mundo hasta 1884. Como destino de peregrinaci\u00f3n, tambi\u00e9n se encuentra entre los lugares m\u00e1s visitados de Alemania, ya que alberga las reliquias de los Reyes Magos desde la Edad Media, que fueron retiradas de otra catedral de Mil\u00e1n por Federico Barbarroja, el emperador del Sacro Imperio Romano Germ\u00e1nico. Esta reliquia sagrada fue incre\u00edblemente importante para la devoci\u00f3n cristiana y ahora se encuentra en un cofre de oro dise\u00f1ado por el renombrado orfebre Nicol\u00e1s de Verdun. Durante la Segunda Guerra Mundial, fue bombardeada 14 veces y una de sus hermosas vidrieras fue destruida.<\/div>\n<div style=\"text-align: justify;\">Gerhard Richter, un artista visual moderno, lo recre\u00f3 en 2007, produciendo un vitral moderno y un nuevo tipo de cristaler\u00eda g\u00f3tica.<\/div>\n<p>[\/vc_text_element][vc_row_inner consent_include=&#8221;include&#8221;][vc_column_inner width=&#8221;1\/6&#8243; css_animation=&#8221;&#8221;][\/vc_column_inner][vc_column_inner width=&#8221;2\/3&#8243; css_animation=&#8221;&#8221;][vc_image_element image=&#8221;7804&#8243; alignment=&#8221;center&#8221; radius=&#8221;10px&#8221; preloader=&#8221;&#8221; css_animation=&#8221;&#8221;][\/vc_column_inner][vc_column_inner width=&#8221;1\/6&#8243; css_animation=&#8221;&#8221;][\/vc_column_inner][\/vc_row_inner][vc_text_element css_animation=&#8221;&#8221;]<\/p>\n<div><b>Catedral De Lincoln (Inglaterra)<\/b><\/div>\n<div style=\"text-align: justify;\">Mucha gente considera la catedral de Lincoln como uno de los grandes tesoros de Inglaterra. La construcci\u00f3n de la catedral comenz\u00f3 en fases en 1072, y al igual que las otras catedrales en Europa en ese per\u00edodo, el estilo de Lincoln copia el estilo g\u00f3tico temprano, un dise\u00f1o revolucionario al final del per\u00edodo rom\u00e1nico. Un incendio y un terremoto de los m\u00e1s fuertes experimentados en el Reino Unido oblig\u00f3 a modificar el dise\u00f1o de la catedral y los arquitectos utilizaron el estilo g\u00f3tico ingl\u00e9s temprano en las estructuras. A medida que avanzaba la arquitectura, tambi\u00e9n lo hizo el uso de m\u00e9todos apropiados en ese momento, como un arco apuntado, arbotantes y b\u00f3vedas de crucer\u00eda para sostener los muros exteriores de la catedral g\u00f3tica. Estos cambios permitieron la incorporaci\u00f3n de grandes ventanales para dejar entrar a\u00fan m\u00e1s luz. En el siglo XIV, la torre de la catedral g\u00f3tica se elev\u00f3 a una altura de 83 metros y se agregaron dos grandes rosetones de vidrieras. Un dato curioso es que ah\u00ed est\u00e1 enterrada Leonor de Castilla.<\/div>\n<p>[\/vc_text_element][vc_row_inner consent_include=&#8221;include&#8221;][vc_column_inner width=&#8221;1\/6&#8243; css_animation=&#8221;&#8221;][\/vc_column_inner][vc_column_inner width=&#8221;2\/3&#8243; css_animation=&#8221;&#8221;][vc_image_element image=&#8221;7805&#8243; alignment=&#8221;center&#8221; radius=&#8221;10px&#8221; preloader=&#8221;&#8221; css_animation=&#8221;&#8221;][\/vc_column_inner][vc_column_inner width=&#8221;1\/6&#8243; css_animation=&#8221;&#8221;][\/vc_column_inner][\/vc_row_inner][vc_text_element css_animation=&#8221;&#8221;]<\/p>\n<p style=\"text-align: justify;\">Estas iglesias g\u00f3ticas emblem\u00e1ticas son tesoros arquitect\u00f3nicos que nos transportan a una \u00e9poca pasada de esplendor art\u00edstico y espiritualidad. Cada detalle, desde los intrincados arcos hasta los vitrales meticulosamente dise\u00f1ados, cuenta una historia de dedicaci\u00f3n y maestr\u00eda. Al explorar estas maravillas, nos sumergimos en la grandeza del g\u00f3tico europeo y apreciamos el legado duradero que han dejado para las generaciones futuras. Si alguna vez tienes la oportunidad de visitar Europa, no dudes en admirar estas impresionantes estructuras que han resistido la prueba del tiempo y siguen siendo fuentes de inspiraci\u00f3n para todos nosotros y Viva Viajes puede hacer posible el viaje para conocer estas emblem\u00e1ticas obras arquit\u00e9ctonicas.<\/p>\n<p>[\/vc_text_element][vc_row_inner consent_include=&#8221;include&#8221;][vc_column_inner width=&#8221;1\/6&#8243; css_animation=&#8221;&#8221;][\/vc_column_inner][vc_column_inner width=&#8221;2\/3&#8243; css_animation=&#8221;&#8221;][vc_image_element image=&#8221;7648&#8243; alignment=&#8221;center&#8221; radius=&#8221;10px&#8221; preloader=&#8221;&#8221; css_animation=&#8221;&#8221;][\/vc_column_inner][vc_column_inner width=&#8221;1\/6&#8243; css_animation=&#8221;&#8221;][\/vc_column_inner][\/vc_row_inner][\/vc_column][\/vc_row]<\/p>\n","protected":false},"excerpt":{"rendered":"<p>[vc_row row_height_type=&#8221;fixed_height_screen&#8221; height=&#8221;90&#8243; min_height=&#8221;600&#8243; content_placement=&#8221;middle&#8221; custom_bg_type=&#8221;image&#8221; custom_bg_cover=&#8221;cover&#8221; custom_bg_repeat=&#8221;no-repeat&#8221; custom_bg_position=&#8221;Center center&#8221; nav_skin=&#8221;light&#8221; row_show_on=&#8221;wtbx_hide_tablet_landscape,wtbx_hide_tablet_portrait,wtbx_hide_mobile_landscape,wtbx_hide_mobile_portrait&#8221; disable_fixed_height=&#8221;mobile_landscape&#8221; consent_include=&#8221;include&#8221; equal_height=&#8221;true&#8221; el_design=&#8221;{&#8220;desktop&#8220;:{&#8220;padding-top&#8220;:&#8220;60&#8220;,&#8220;padding-bottom&#8220;:&#8220;150&#8220;}}&#8221; custom_bg_color=&#8221;{&#8220;solid&#8220;:{&#8220;id&#8220;:&#8220;Light background&#8220;,&#8220;color&#8220;:&#8220;#f7f8fd&#8220;}}&#8221; custom_bg_image=&#8221;7805&#8243; overlay_color=&#8221;{&#8220;dir&#8220;:&#8220;135deg&#8220;,&#8220;from&#8220;:{&#8220;id&#8220;:&#8220;custom_color&#8220;,&#8220;color&#8220;:&#8220;rgba(21,20,36,0.8)&#8220;},&#8220;to&#8220;:{&#8220;id&#8220;:&#8220;custom_color&#8220;,&#8220;color&#8220;:&#8220;rgba(21,20,36,0)&#8220;}}&#8221;][vc_column el_design=&#8221;{&#8220;desktop&#8220;:{&#8220;padding-top&#8220;:&#8220;15&#8220;,&#8220;padding-right&#8220;:&#8220;15&#8220;,&#8220;padding-bottom&#8220;:&#8220;15&#8220;,&#8220;padding-left&#8220;:&#8220;15&#8220;}}&#8221; textalign_small=&#8221;mobile_landscape&#8221; css_animation=&#8221;&#8221; offset=&#8221;vc_col-md-6&#8243;][vc_heading heading_text=&#8221;Estas son las catedrales g\u00f3ticas m\u00e1s espectaculares de Europa&#8221; heading_wrapper=&#8221;h1&#8243; heading_color=&#8221;{&#8220;solid&#8220;:{&#8220;id&#8220;:&#8220;custom_1334459184315555&#8220;,&#8220;color&#8220;:&#8220;rgba(255,255,255,1)&#8220;}}&#8221; heading_typography=&#8221;{&#8220;variants&#8220;:&#8220;500&#8220;,&#8220;font_size&#8220;:&#8220;40px&#8220;}&#8221; responsiveness=&#8221;yes&#8221; tablet_portrait=&#8221;100&#8243; mobile_landscape=&#8221;80&#8243; mobile_portrait=&#8221;70&#8243; css_animation=&#8221;wtbx-anim-fade-in&#8221; css_animation_easing=&#8221;wtbx_easing-natural&#8221; css_animation_duration=&#8221;wtbx-duration-1000&#8243; css_animation_delay=&#8221;&#8221;][vc_empty_space height=&#8221;60px&#8221;][\/vc_column][\/vc_row][vc_row row_width=&#8221;wtbx_stretch_row_content&#8221; nav_skin=&#8221;light&#8221; consent_include=&#8221;include&#8221;][vc_column el_design=&#8221;{&#8220;desktop&#8220;:{&#8220;padding-top&#8220;:&#8220;0&#8220;,&#8220;padding-right&#8220;:&#8220;0&#8220;,&#8220;padding-bottom&#8220;:&#8220;0&#8220;,&#8220;padding-left&#8220;:&#8220;0&#8220;}}&#8221; css_animation=&#8221;&#8221;][vc_section_divider style=&#8221;curve-left&#8221; height=&#8221;100&#8243; responsiveness=&#8221;yes&#8221; tablet_landscape=&#8221;100&#8243; tablet_portrait=&#8221;80&#8243; mobile_landscape=&#8221;40&#8243; mobile_portrait=&#8221;0&#8243; color=&#8221;{&#8220;id&#8220;:&#8220;custom_1334459184315555&#8220;,&#8220;color&#8220;:&#8220;rgba(255,255,255,1)&#8220;}&#8221;][\/vc_column][\/vc_row][vc_row nav_skin=&#8221;light&#8221; consent_include=&#8221;include&#8221; el_design=&#8221;{&#8220;tablet_portrait&#8220;:{&#8220;shift-vertical&#8220;:-100},&#8220;desktop&#8220;:{&#8220;shift-vertical&#8220;:-150}}&#8221;][vc_column el_design=&#8221;{&#8220;desktop&#8220;:{&#8220;padding-top&#8220;:&#8220;0&#8220;,&#8220;padding-right&#8220;:&#8220;15&#8220;,&#8220;padding-bottom&#8220;:&#8220;0&#8220;,&#8220;padding-left&#8220;:&#8220;15&#8220;}}&#8221; css_animation=&#8221;&#8221;][vc_empty_space height=&#8221;95px&#8221;][vc_row_inner consent_include=&#8221;include&#8221;][vc_column_inner css_animation=&#8221;&#8221;][vc_text_element css_animation=&#8221;&#8221;] Catedral de Sevilla (Espa\u00f1a) La Catedral de Sevilla, [&hellip;]<\/p>\n","protected":false},"author":1,"featured_media":7799,"comment_status":"open","ping_status":"open","sticky":false,"template":"","format":"standard","meta":{"footnotes":""},"categories":[72],"tags":[],"class_list":["post-7798","post","type-post","status-publish","format-standard","has-post-thumbnail","hentry","category-blog"],"_links":{"self":[{"href":"https:\/\/vivaviajesitalia.com\/site\/wp-json\/wp\/v2\/posts\/7798","targetHints":{"allow":["GET"]}}],"collection":[{"href":"https:\/\/vivaviajesitalia.com\/site\/wp-json\/wp\/v2\/posts"}],"about":[{"href":"https:\/\/vivaviajesitalia.com\/site\/wp-json\/wp\/v2\/types\/post"}],"author":[{"embeddable":true,"href":"https:\/\/vivaviajesitalia.com\/site\/wp-json\/wp\/v2\/users\/1"}],"replies":[{"embeddable":true,"href":"https:\/\/vivaviajesitalia.com\/site\/wp-json\/wp\/v2\/comments?post=7798"}],"version-history":[{"count":4,"href":"https:\/\/vivaviajesitalia.com\/site\/wp-json\/wp\/v2\/posts\/7798\/revisions"}],"predecessor-version":[{"id":7807,"href":"https:\/\/vivaviajesitalia.com\/site\/wp-json\/wp\/v2\/posts\/7798\/revisions\/7807"}],"wp:featuredmedia":[{"embeddable":true,"href":"https:\/\/vivaviajesitalia.com\/site\/wp-json\/wp\/v2\/media\/7799"}],"wp:attachment":[{"href":"https:\/\/vivaviajesitalia.com\/site\/wp-json\/wp\/v2\/media?parent=7798"}],"wp:term":[{"taxonomy":"category","embeddable":true,"href":"https:\/\/vivaviajesitalia.com\/site\/wp-json\/wp\/v2\/categories?post=7798"},{"taxonomy":"post_tag","embeddable":true,"href":"https:\/\/vivaviajesitalia.com\/site\/wp-json\/wp\/v2\/tags?post=7798"}],"curies":[{"name":"wp","href":"https:\/\/api.w.org\/{rel}","templated":true}]}}